{"id":815,"date":"2023-08-02T10:08:22","date_gmt":"2023-08-02T13:08:22","guid":{"rendered":"https:\/\/apecbrasilia.com.br\/?p=815"},"modified":"2023-08-02T10:11:30","modified_gmt":"2023-08-02T13:11:30","slug":"abra-a-porta-2","status":"publish","type":"post","link":"https:\/\/apecbrasilia.com.br\/index.php\/2023\/08\/02\/abra-a-porta-2\/","title":{"rendered":"ABRA A PORTA"},"content":{"rendered":"\n<p>Um menino que pudesse representar estes esquecidos poderia se chamar <strong>Ismael Brasileiro.<\/strong>&nbsp; Ele \u00e9 o menino rejeitado pela fam\u00edlia, pela Igreja e pela sociedade brasileira. Ismael Brasileiro tem uma hist\u00f3ria. <\/p>\n\n\n\n<!--more-->\n\n\n\n<figure class=\"wp-block-image size-full\"><img decoding=\"async\" src=\"https:\/\/apecbrasilia.com.br\/wp-content\/uploads\/2023\/08\/Abra-a-Porta-Edson-Alencar-Missionario-Viviane.jpg\" alt=\"\" class=\"wp-image-816\"\/><\/figure>\n\n\n\n<figure class=\"wp-block-image size-full\"><img decoding=\"async\" src=\"https:\/\/apecbrasilia.com.br\/wp-content\/uploads\/2023\/08\/Divisor.jpg\" alt=\"\" class=\"wp-image-819\"\/><\/figure>\n\n\n\n<figure class=\"wp-block-image size-full\"><img decoding=\"async\" src=\"https:\/\/apecbrasilia.com.br\/wp-content\/uploads\/2023\/08\/Divisor-1.jpg\" alt=\"\" class=\"wp-image-821\"\/><\/figure>\n\n\n\n<p>E ele \u00e9 o serm\u00e3o proveniente do Senhor Jesus para a Igreja brasileira dos dias atuais, a quem chamo para refletir, perguntando: Que postura esta Igreja tem tomado, ao declarar que este menino ser\u00e1 a Igreja de amanh\u00e3?<\/p>\n\n\n\n<p>O menino Ismael Brasileiro pode ser encontrado a qualquer hora do dia ou da noite vagando pelas ruas, dormindo nas cal\u00e7adas, cheirando cola, para aliviar a fome, vestido com roupas rasgadas, descal\u00e7o, com sede, com os dentes estragados, cansado, oprimido, perseguido, doente, com um olhar perdido, prestando servi\u00e7os aos traficantes, sofrendo abuso sexual, carregando no corpo as marcas das agress\u00f5es sofridas e longe do Senhor Jesus.<\/p>\n\n\n\n<p>Hoje, este menino tem sido expulso pelos homens de neg\u00f3cios, ignorado pelo poder governante constitu\u00eddo, esquecido pela Igreja, perseguido pela pol\u00edcia e odiado pela sociedade. E O Estatuto da Crian\u00e7a e do Adolescente? Para que tem servido? Para mascarar a responsabilidade social? Este menino nunca vai \u00e0 escola, n\u00e3o recebe assist\u00eancia m\u00e9dica, alimenta-se de coisas apodrecidas e restos de comidas lan\u00e7adas nas lixeiras.<\/p>\n\n\n\n<p><strong>H\u00e1 espa\u00e7o para o Ismael Brasileiro?<\/strong><\/p>\n\n\n\n<p>Grandes templos foram constru\u00eddos em nossa na\u00e7\u00e3o, mas ser\u00e1 que suas portas de \u201cbronze\u201d est\u00e3o abertas para os meninos e para as meninas? Enquanto se constru\u00edam os templos, alguma verba foi inclu\u00edda no or\u00e7amento para alcan\u00e7\u00e1-los? Houve previs\u00e3o de recursos para ser-lhes dada assist\u00eancia ap\u00f3s a constru\u00e7\u00e3o, seja no treinamento de pessoas, seja na utiliza\u00e7\u00e3o das depend\u00eancias como salas de alfabetiza\u00e7\u00e3o, ou at\u00e9 mesmo a utiliza\u00e7\u00e3o do espa\u00e7o f\u00edsico para a realiza\u00e7\u00e3o de oficinas ou assist\u00eancia m\u00e9dica, psicol\u00f3gica, alimenta\u00e7\u00e3o e lazer?<\/p>\n\n\n\n<p>O menino Ismael Brasileiro pode ser encontrado de Norte a Sul e de Leste a Oeste do nosso Pa\u00eds, passando as noites debaixo das pontes, no lix\u00e3o, nas favelas, nos esconderijos, nas imedia\u00e7\u00f5es do Pal\u00e1cio do Planalto, no coreto da cidade, debaixo das \u00e1rvores etc.<\/p>\n\n\n\n<p>Se bem analisarmos, veremos que o Ismael Brasileiro representa uma numerosa multid\u00e3o. E a situa\u00e7\u00e3o desta multid\u00e3o de meninos e meninas est\u00e1 bem pr\u00f3xima daquela descrita pelo Profeta Ezequiel no cap\u00edtulo 37 de seu Livro. Posso imagin\u00e1-los formando um grande Coro. As vestes destes coristas s\u00e3o bem diferentes das usadas pelos Meninos Cantores de Viena ou daquelas usadas pelo menino Samuel (I Sm 2:18). Posso v\u00ea-los e ouvir cantar uma m\u00fasica que n\u00e3o se interrompe: \u201c<strong>Abra a porta<\/strong>!\u201d Esta \u00e9 a m\u00fasica que eles est\u00e3o cantando em coro, por sinal um coro muito afinado, que \u00e9 imposs\u00edvel confundir a mensagem:<\/p>\n\n\n\n<p>\u201cAbre a porta \u00e0s crian\u00e7as, faze-as entrar com amor.<\/p>\n\n\n\n<p>E l\u00e1 das ruas e campos, traze-as a Cristo, Senhor.<\/p>\n\n\n\n<p>Muitas, que vivem sozinhas, vivem sem p\u00e3o e sem luz.<\/p>\n\n\n\n<p>Abre a porta \u00e0s crian\u00e7as, faze-as vir a Jesus.<\/p>\n\n\n\n<p><strong>Abre a porta \u00e0s crian\u00e7as faze-as vir a Jesus.<\/strong><\/p>\n\n\n\n<p><strong>Para Jesus. Para Jesus.<\/strong><\/p>\n\n\n\n<p>Abre a porta \u00e0s crian\u00e7as, pois que ansiosas est\u00e3o.<\/p>\n\n\n\n<p>Traze-as, oh, sim ao banquete da celestial salva\u00e7\u00e3o.<\/p>\n\n\n\n<p>Rogo ao Pai que as ajude. Ora a Deus com fervor.<\/p>\n\n\n\n<p>Que Cristo, a elas, estenda Seu belo reino de amor<strong>.\u201d<sup>(1)<\/sup><\/strong><\/p>\n\n\n\n<p>Abrir a porta \u00e0s crian\u00e7as para vesti-las, aliment\u00e1-las, educ\u00e1-las, am\u00e1-las. Por\u00e9m, fazer tamb\u00e9m tudo isto a fim de que elas possam conhecer Jesus como seu \u00fanico e suficiente Salvador.<\/p>\n\n\n\n<p>Jesus amou as crian\u00e7as e at\u00e9 apresentou um menino \u00e0 Igreja como referencial para entrar no reino dos c\u00e9us. Jesus repreendeu a atitude desprez\u00edvel como as crian\u00e7as foram recebidas por seus disc\u00edpulos, em certa ocasi\u00e3o. No cora\u00e7\u00e3o daqueles homens escondiam-se pensamentos soberbos. Eles sofriam de miopia espiritual cr\u00f4nica e tinham uma vis\u00e3o deformada do perfil de um servo de Deus. Jesus apresentou uma crian\u00e7a. Jesus apresentou um menino, o <strong>\u201cIsmael Brasileiro\u201d.<\/strong>&nbsp; Jesus declarou: \u201cAssim, pois, n\u00e3o \u00e9 da vontade de vosso Pai Celeste que pere\u00e7a um s\u00f3 destes pequeninos\u201d (Mt 18:14).<\/p>\n\n\n\n<p>O Salmista afirmou: \u201cDa boca de pequeninos e crian\u00e7as de peito suscitaste for\u00e7a, por causa dos teus advers\u00e1rios, para fazer emudecer o inimigo e o vingador\u201d (Salmo 8:2).<\/p>\n\n\n\n<p>Ser\u00e1 que muitas vezes a presen\u00e7a de crian\u00e7as no Culto Solene n\u00e3o tem sido considerada obst\u00e1culo para sua realiza\u00e7\u00e3o? Vigiemos, pois, para que, \u00e0 semelhan\u00e7a dos disc\u00edpulos, n\u00e3o nos coloquemos como pedra de trope\u00e7o para as crian\u00e7as, impedindo-as de chegar a Jesus, criando empecilhos \u00e0 presen\u00e7a delas no culto. Ser\u00e1 que h\u00e1 idade m\u00ednima para a crian\u00e7a compreender o plano da salva\u00e7\u00e3o? &nbsp;Mas quando devemos come\u00e7ar a apresent\u00e1-lo a ela?<\/p>\n\n\n\n<p>E o or\u00e7amento da igreja? Nele t\u00eam sido contempladas verbas para o trabalho com as crian\u00e7as, compra de material ou o treinamento de professores para elas? Quando as crian\u00e7as est\u00e3o na Igreja, no Culto Solene, h\u00e1 pessoas preparadas para trabalhar com elas? Os melhores locais nas depend\u00eancias da Igreja s\u00e3o reservados para elas?<\/p>\n\n\n\n<p>O Senhor Jesus apresenta uma Porta Aberta (Apocalipse 3:8) para as crian\u00e7as de est\u00f4magos vazios, despidas, descal\u00e7as, com sede, (Mt. 25:41 e 42), desprezadas pelos homens, mas amadas por Deus (Mt:1810). O Senhor ordenou \u00e0 sua Igreja que intercedesse pelos meninos (Lm 2:19), que acolhesse os pequeninos (Mt. 19:14) e fizesse deles disc\u00edpulos (Mc 16:15; Mt 28:19). No entanto, algumas crian\u00e7as s\u00e3o, \u00e0s vezes, impedidas at\u00e9 mesmo de dormir embaixo das marquises das Igrejas. Um evangelho diferente, bem diferente, est\u00e1 sendo praticado em nome do Senhor Jesus.<\/p>\n\n\n\n<p>Finalmente, estas foram as \u00faltimas palavras do menino \u201c<strong>Ismael Brasileiro<\/strong>\u201d \u2013 em frente a uma grande Igreja: <strong>\u201cEles constru\u00edram grandes templos e nos deixaram do lado de fora\u201d. <\/strong>O menino Ismael Brasileiro \u00e9 o serm\u00e3o vivo do Senhor Jesus.<\/p>\n\n\n\n<p><\/p>\n\n\n\n<p>Pr. Edson Alencar &#8211; Representante da APEC Bras\u00edlia<\/p>\n","protected":false},"excerpt":{"rendered":"<p>Um menino que pudesse representar estes esquecidos poderia se chamar Ismael Brasileiro.&nbsp; Ele \u00e9 o menino rejeitado pela fam\u00edlia, pela Igreja e pela sociedade brasileira. Ismael Brasileiro tem uma hist\u00f3ria.<\/p>\n","protected":false},"author":1,"featured_media":0,"comment_status":"open","ping_status":"open","sticky":false,"template":"","format":"standard","meta":{"footnotes":""},"categories":[1],"tags":[],"class_list":["post-815","post","type-post","status-publish","format-standard","hentry","category-missao"],"aioseo_notices":[],"_links":{"self":[{"href":"https:\/\/apecbrasilia.com.br\/index.php\/wp-json\/wp\/v2\/posts\/815","targetHints":{"allow":["GET"]}}],"collection":[{"href":"https:\/\/apecbrasilia.com.br\/index.php\/wp-json\/wp\/v2\/posts"}],"about":[{"href":"https:\/\/apecbrasilia.com.br\/index.php\/wp-json\/wp\/v2\/types\/post"}],"author":[{"embeddable":true,"href":"https:\/\/apecbrasilia.com.br\/index.php\/wp-json\/wp\/v2\/users\/1"}],"replies":[{"embeddable":true,"href":"https:\/\/apecbrasilia.com.br\/index.php\/wp-json\/wp\/v2\/comments?post=815"}],"version-history":[{"count":3,"href":"https:\/\/apecbrasilia.com.br\/index.php\/wp-json\/wp\/v2\/posts\/815\/revisions"}],"predecessor-version":[{"id":822,"href":"https:\/\/apecbrasilia.com.br\/index.php\/wp-json\/wp\/v2\/posts\/815\/revisions\/822"}],"wp:attachment":[{"href":"https:\/\/apecbrasilia.com.br\/index.php\/wp-json\/wp\/v2\/media?parent=815"}],"wp:term":[{"taxonomy":"category","embeddable":true,"href":"https:\/\/apecbrasilia.com.br\/index.php\/wp-json\/wp\/v2\/categories?post=815"},{"taxonomy":"post_tag","embeddable":true,"href":"https:\/\/apecbrasilia.com.br\/index.php\/wp-json\/wp\/v2\/tags?post=815"}],"curies":[{"name":"wp","href":"https:\/\/api.w.org\/{rel}","templated":true}]}}