{"id":1523,"date":"2024-09-14T23:53:00","date_gmt":"2024-09-15T02:53:00","guid":{"rendered":"https:\/\/apecbrasilia.com.br\/?p=1523"},"modified":"2024-09-15T07:08:56","modified_gmt":"2024-09-15T10:08:56","slug":"confronto-diario-o-que-esta-guardado-no-seu-coracao","status":"publish","type":"post","link":"https:\/\/apecbrasilia.com.br\/index.php\/2024\/09\/14\/confronto-diario-o-que-esta-guardado-no-seu-coracao\/","title":{"rendered":"CONFRONTO DI\u00c1RIO: O QUE EST\u00c1 GUARDADO NO SEU CORA\u00c7\u00c3O?"},"content":{"rendered":"\n<p>&#8211; Que alegria ter a oportunidade de refletir com voc\u00eas neste espa\u00e7o!<\/p>\n\n\n\n<p>Hoje, lendo e meditando na B\u00edblia, a Palavra de Deus, vieram \u00e0 mente algumas reflex\u00f5es que gostaria de compartilhar com voc\u00eas.<\/p>\n\n\n\n<!--more-->\n\n\n\n<p>O confronto di\u00e1rio pela leitura b\u00edblica \u00e9 um privil\u00e9gio, e necess\u00e1rio, para refletirmos e examinarmos o que est\u00e1 guardado em nosso cora\u00e7\u00e3o, vendo o que precisa ser confessado e deixado. Isso \u00e9 importante para alcan\u00e7armos a miseric\u00f3rdia de Deus e avan\u00e7armos testemunhando. Precisamos ter o cuidado para que o nosso testemunho n\u00e3o se torne pedra de trope\u00e7o para as pessoas e, especialmente, para os pequeninos. Mas, pelo contr\u00e1rio, que venha influenciar e inspirar sua caminhada no percurso de conhecer e seguir o Senhor Jesus.<\/p>\n\n\n\n<p>Voc\u00ea, professor, tem exercido seu minist\u00e9rio com o papel de ser um mediador influenciador para as crian\u00e7as? Sua conduta tem inspirado \u00e0s crian\u00e7as a seguir a Jesus?<\/p>\n\n\n\n<p>Gostaria de pensar com voc\u00ea sobre algumas reflex\u00f5es necess\u00e1rias para atingir o objetivo de ser um agente influenciador na vida da crian\u00e7a.<\/p>\n\n\n\n<p>Precisamos refletir sobre quais s\u00e3o as motiva\u00e7\u00f5es no minist\u00e9rio de ensinar \u00e0s crian\u00e7as. \u00c9 oportuno reconhecer a necessidade de refletirmos sobre o que estamos guardando no nosso cora\u00e7\u00e3o e suas implica\u00e7\u00f5es.<\/p>\n\n\n\n<p>No Salmo 119.11, temos o salmista expressando: \u201cGuardei a tua Palavra no meu cora\u00e7\u00e3o para n\u00e3o pecar contra ti\u201d. Aqui, j\u00e1 temos uma importante orienta\u00e7\u00e3o clara do que devemos fazer para n\u00e3o nos tornarmos pedras de trope\u00e7os para as nossas crian\u00e7as, pois isso \u00e9 muito grave. Como disse Jesus, em Mateus 18. 6-7: \u201c[&#8230;] se algu\u00e9m fizer trope\u00e7ar um destes pequeninos que creem em mim, seria melhor para esse que uma pedra de moinho fosse pendurada ao seu pesco\u00e7o e fosse afogado na profundeza do mar. Ai do mundo por causa das pedras de trope\u00e7o! Porque \u00e9 inevit\u00e1vel que elas existam, mas ai de quem \u00e9 respons\u00e1vel por elas!\u201d<\/p>\n\n\n\n<p>\u00c9 pertinente refletirmos que todas as mudan\u00e7as devem acontecer de dentro para fora, no \u201ccora\u00e7\u00e3o\u201d, pela renova\u00e7\u00e3o do nosso entendimento por meio da Palavra de Deus (veja Romanos 12:2). Assim, ao meditarmos nas Sagradas Escrituras, devemos nos examinar e imediatamente confessar os nossos pecados, crendo nessa condi\u00e7\u00e3o de confessar para desfrutar da promessa do perd\u00e3o para os pecados. Conforme est\u00e1 escrito em 1 Jo\u00e3o 1.9: \u201cSe confessarmos os nossos pecados, Ele \u00e9 fiel e justo para perdoar os pecados e nos purificar de toda injusti\u00e7a\u201d.<\/p>\n\n\n\n<p>H\u00e1 a necessidade de reconhecer qual pecado precisa ser confessado e deixado. A B\u00edblia nos alerta para refletir sobre o que temos falado em Mateus 12.34b \u201c&#8230;porque a boca fala do que o cora\u00e7\u00e3o est\u00e1 cheio.\u201d E, em Ef\u00e9sios 5.18, exorta-nos: \u201cE n\u00e3o vos embriagueis com vinho, no qual h\u00e1 dissolu\u00e7\u00e3o, mas enchei-vos do Esp\u00edrito\u201d. Se o nosso cora\u00e7\u00e3o n\u00e3o estiver cheio do Esp\u00edrito Santo, seremos inclinados para as obras da carne e seremos guiados pelo desejo do nosso cora\u00e7\u00e3o enganador.<\/p>\n\n\n\n<p>O confronto di\u00e1rio, pela leitura b\u00edblica, \u00e9 necess\u00e1rio para prosseguirmos ensinando conforme a proposta pedag\u00f3gica do Mestre, O Senhor Jesus Cristo. Ele, sendo Deus, renunciou sua Gl\u00f3ria. Assim, toda a visibilidade do trabalho deve ser para a gl\u00f3ria de Deus. Precisamos avaliar quais as motiva\u00e7\u00f5es do nosso cora\u00e7\u00e3o e vigiar para n\u00e3o sermos seduzidos a buscar visibilidade para n\u00f3s, e sim, como est\u00e1 escrito em Jo\u00e3o 3:30, que \u201cCristo cres\u00e7a e eu [n\u00f3s] diminua[mos].\u201d<\/p>\n\n\n\n<p>Devemos vigiar o nosso cora\u00e7\u00e3o para n\u00e3o cair em propostas sedutoras dos agentes influenciadores deste mundo tenebroso. Eles visam dominar nossas mentes e aprisionar o nosso cora\u00e7\u00e3o com suas ofertas e sugest\u00f5es malignas e enganadoras, envolvendo sentimentos mascarados, mecanismos de autodefesa, conduzindo-nos a atribuir aos outros os erros, justificando as a\u00e7\u00f5es pecaminosas como o resultado do que foi negado, gerando conflitos e justificando suas m\u00e1s a\u00e7\u00f5es no vitimismo social, querendo desconstruir os princ\u00edpios estabelecidos por Deus.<\/p>\n\n\n\n<p>Como est\u00e1 escrito em Jeremias 17.9,10: \u201cEnganoso \u00e9 o cora\u00e7\u00e3o, mais do que todas as coisas, e desesperadamente corrupto; quem o conhecer\u00e1? Eu, o Senhor, esquadrinho o cora\u00e7\u00e3o. Eu provo os pensamentos; e isto para dar a cada um segundo o seu proceder, segundo o fruto das suas a\u00e7\u00f5es.\u201d Diante desta verdade, devemos vigiar e orar, buscando estar cheio do Espirito Santo, esfor\u00e7ando-nos para ter uma conduta moldada pelos princ\u00edpios b\u00edblicos, propiciando \u00e0s crian\u00e7as as reflex\u00f5es necess\u00e1rias para cada momento ou situa\u00e7\u00e3o adversa.<\/p>\n\n\n\n<p>Que Cristo cres\u00e7a e eu diminua.<\/p>\n\n\n\n<p>Que Ele seja mostrado por meio do testemunho fiel.<\/p>\n\n\n\n<p>Que as pessoas sejam atra\u00eddas pela beleza de Cristo em n\u00f3s.<\/p>\n\n\n\n<p>&nbsp;Voc\u00ea est\u00e1 disposto a enfrentar esse confronto di\u00e1rio?<\/p>\n\n\n\n<p>Fa\u00e7amos a ora\u00e7\u00e3o de Davi registrada no Salmo 139. 23, 24: \u201cSonda -me, \u00d3 Deus, e conhece o meu cora\u00e7\u00e3o, prova-me e conhece os meus pensamentos. V\u00ea se h\u00e1 em mim algum caminho mau e guia-me pelo caminho eterno.\u201d<\/p>\n\n\n\n<p>&nbsp;O PROFESSOR CRIST\u00c3O DEVE SER UM AGENTE INFLUENCIADOR FORMANDO CRIAN\u00c7AS PARA SEREM SEGUIDORAS DE JESUS CRISTO.<\/p>\n\n\n\n<p>Est\u00e1 escrito em Romanos 12,7: \u201cSe minist\u00e9rio, dediquemo-nos ao minist\u00e9rio; ou o que ensina esmere-se no faz\u00ea-lo.\u201d Portanto, devemos ensinar com excel\u00eancia \u00e0s crian\u00e7as. Ensinar \u00e9 ajudar o outro aprender. Conhecer e dominar uma metodologia. Mas aten\u00e7\u00e3o: ter conhecimento b\u00edblico \u00e9 fundamental, e ter desenvoltura \u00e9 bom, por\u00e9m n\u00e3o s\u00e3o suficientes para alcan\u00e7ar o cora\u00e7\u00e3o das crian\u00e7as.<\/p>\n\n\n\n<p>Al\u00e9m de dominar uma metodologia, ter conhecimento b\u00edblico, desenvoltura na comunica\u00e7\u00e3o, com linguagem apropriada para o atendimento das faixas et\u00e1rias, ter recurso did\u00e1tico e espa\u00e7o f\u00edsico apropriado para o acolhimento das crian\u00e7as e atend\u00ea-las segundo as suas necessidades, o professor deve influenciar como agente facilitador, com estimula\u00e7\u00e3o correta na estrutura\u00e7\u00e3o do ensino, conforme as a\u00e7\u00f5es propostas, visando ao desenvolvimento cognitivo, afetivo e psicomotor da crian\u00e7a.<\/p>\n\n\n\n<p>\u00c9 de suma import\u00e2ncia a intera\u00e7\u00e3o positiva do professor no processo do ensino aprendizagem. Todas as crian\u00e7as precisam ser inclu\u00eddas no ambiente, independentes de suas limita\u00e7\u00f5es, tendo suas necessidades socioafetivas, cognitivas e psicomotoras supridas com intera\u00e7\u00f5es, partilhas e outras ricas experi\u00eancias para o desenvolvimento de suas potencialidades.<\/p>\n\n\n\n<p>O professor precisa seguir o exemplo do Mestre Jesus, que, com seu olhar de amor, alcan\u00e7ou todos na multid\u00e3o: os cegos, os surdos, os angustiados e rejeitados, enfim, todos. Mostrou-nos a condi\u00e7\u00e3o inerente de sermos pecadores separados da presen\u00e7a de Deus, conforme est\u00e1 escrito em Romanos 3.23: \u201cTodos pecaram e destitu\u00eddos est\u00e3o da presen\u00e7a de Deus\u201d. Logo, todas as crian\u00e7as precisam ser ensinadas sobre sua condi\u00e7\u00e3o de pecadora para conhecer Jesus como seu \u00fanico e suficiente Salvador e segui-lO, dando bom testemunho para a gl\u00f3ria de Deus.<\/p>\n\n\n\n<p>Nessa perspectiva, o professor crist\u00e3o, al\u00e9m de ter conhecimento b\u00edblico, dominar uma metodologia, ensinar com desenvoltura, precisa influenciar as crian\u00e7as com seu exemplo pr\u00e1tico, numa intera\u00e7\u00e3o positiva. Deve compreender sua miss\u00e3o de ensinar buscando crescer na gra\u00e7a e no conhecimento da Palavra de Deus, tendo intimidade com Deus, recebendo orienta\u00e7\u00f5es e estrat\u00e9gias para atingir sua miss\u00e3o de pastorear o cora\u00e7\u00e3o das crian\u00e7as, influenciando-as para serem seguidoras de Cristo, por meio do seu testemunho fiel. Am\u00e9m!<\/p>\n","protected":false},"excerpt":{"rendered":"<p>&#8211; Que alegria ter a oportunidade de refletir com voc\u00eas neste espa\u00e7o! Hoje, lendo e meditando na B\u00edblia, a Palavra de Deus, vieram \u00e0 mente algumas reflex\u00f5es que gostaria de compartilhar com voc\u00eas.<\/p>\n","protected":false},"author":1,"featured_media":0,"comment_status":"open","ping_status":"open","sticky":false,"template":"","format":"standard","meta":{"footnotes":""},"categories":[1],"tags":[],"class_list":["post-1523","post","type-post","status-publish","format-standard","hentry","category-missao"],"aioseo_notices":[],"_links":{"self":[{"href":"https:\/\/apecbrasilia.com.br\/index.php\/wp-json\/wp\/v2\/posts\/1523","targetHints":{"allow":["GET"]}}],"collection":[{"href":"https:\/\/apecbrasilia.com.br\/index.php\/wp-json\/wp\/v2\/posts"}],"about":[{"href":"https:\/\/apecbrasilia.com.br\/index.php\/wp-json\/wp\/v2\/types\/post"}],"author":[{"embeddable":true,"href":"https:\/\/apecbrasilia.com.br\/index.php\/wp-json\/wp\/v2\/users\/1"}],"replies":[{"embeddable":true,"href":"https:\/\/apecbrasilia.com.br\/index.php\/wp-json\/wp\/v2\/comments?post=1523"}],"version-history":[{"count":1,"href":"https:\/\/apecbrasilia.com.br\/index.php\/wp-json\/wp\/v2\/posts\/1523\/revisions"}],"predecessor-version":[{"id":1524,"href":"https:\/\/apecbrasilia.com.br\/index.php\/wp-json\/wp\/v2\/posts\/1523\/revisions\/1524"}],"wp:attachment":[{"href":"https:\/\/apecbrasilia.com.br\/index.php\/wp-json\/wp\/v2\/media?parent=1523"}],"wp:term":[{"taxonomy":"category","embeddable":true,"href":"https:\/\/apecbrasilia.com.br\/index.php\/wp-json\/wp\/v2\/categories?post=1523"},{"taxonomy":"post_tag","embeddable":true,"href":"https:\/\/apecbrasilia.com.br\/index.php\/wp-json\/wp\/v2\/tags?post=1523"}],"curies":[{"name":"wp","href":"https:\/\/api.w.org\/{rel}","templated":true}]}}