{"id":1283,"date":"2024-04-15T23:15:27","date_gmt":"2024-04-16T02:15:27","guid":{"rendered":"https:\/\/apecbrasilia.com.br\/?p=1283"},"modified":"2025-04-11T14:23:00","modified_gmt":"2025-04-11T17:23:00","slug":"noticias-da-familia-missionaria-da-apec-brasilia-df","status":"publish","type":"post","link":"https:\/\/apecbrasilia.com.br\/index.php\/2024\/04\/15\/noticias-da-familia-missionaria-da-apec-brasilia-df\/","title":{"rendered":"Not\u00edcias da Fam\u00edlia Mission\u00e1ria da APEC Brasilia &#8211; DF."},"content":{"rendered":"<div class=\"wp-block-image\">\n<figure class=\"aligncenter size-full is-resized\"><img loading=\"lazy\" decoding=\"async\" width=\"609\" height=\"547\" src=\"https:\/\/apecbrasilia.com.br\/wp-content\/uploads\/2024\/04\/APEC-Familia.jpg\" alt=\"\" class=\"wp-image-1640\" style=\"aspect-ratio:1;width:575px;height:auto\" srcset=\"https:\/\/apecbrasilia.com.br\/wp-content\/uploads\/2024\/04\/APEC-Familia.jpg 609w, https:\/\/apecbrasilia.com.br\/wp-content\/uploads\/2024\/04\/APEC-Familia-300x269.jpg 300w\" sizes=\"auto, (max-width: 609px) 100vw, 609px\" \/><figcaption class=\"wp-element-caption\">Neste ano, 2024, a mission\u00e1ria Viviane Alencar completou 37 anos de envolvimento com a Alian\u00e7a Pr\u00f3-Evangeliza\u00e7\u00e3o das Crian\u00e7as (APEC), em Bras\u00edlia \u2013 DF.<\/figcaption><\/figure><\/div>\n\n\n<p><\/p>\n\n\n\n<!--more-->\n\n\n\n<p><br>H\u00e1 29 anos, a mission\u00e1ria serve como obreira em tempo integral, sendo 25 deles na dire\u00e7\u00e3o da APEC, com seu esposo Edson Alencar.<br>Seus filhos cresceram ouvindo a Palavra de Deus nos cursos, semin\u00e1rios, congressos\u2026 e foram alcan\u00e7ados pela gra\u00e7a de Deus. Hoje s\u00e3o jovens tementes ao Senhor e continuam crescendo na gra\u00e7a e no conhecimento do Senhor Jesus, sendo transformados pelo poder do evangelho. Thalita, a primog\u00eanita, recebeu o milagre de ser salva e curada. Kalebe est\u00e1 formando-se neste ano, na Universidade de Bras\u00edlia (UnB). Fhilipe, o ca\u00e7ula, se formar\u00e1 no pr\u00f3ximo ano, na Faculdade Mackenzie.<br>Ap\u00f3s sua aposentadoria, o Pastor Edson passou a dedicar-se exclusivamente \u00e0 APEC-Bras\u00edlia com sua esposa. <em><\/em><\/p>\n\n\n\n<p><strong>P.S<\/strong>.: <strong>O Pr. Edson Alencar <\/strong>est\u00e1 envolvido com a APEC desde mar\u00e7o de 1995 quando foi eleito para compor a Diretoria Executiva da APEC Bras\u00edlia. \u00c9<em> <\/em>Graduado em Administra\u00e7\u00e3o pela Universidade do Distrito Federal; Bacharel em Teologia pelo Instituto de Ensino Superior <em>Stone Campbell,<\/em> da Igreja de Cristo; cursou o Programa de Nivelamento Teol\u00f3gico \u2013 PNT do Semin\u00e1rio Presbiteriano de Bras\u00edlia da Igreja Presbiteriana do Brasil; realizou sua P\u00f3s-gradua\u00e7\u00e3o <em>Lato<\/em> <em>Sensu<\/em> em Minist\u00e9rio com Crian\u00e7as na Faculdade Teol\u00f3gica Batista de Bras\u00edlia; Em 2024, realizou o curso superior da APEC, em S\u00e3o Paulo, \u00a0no Instituto de Lideran\u00e7a para o Minist\u00e9rio com Crian\u00e7as\u00a0\u2013 ILMC.<\/p>\n\n\n\n<p><\/p>\n\n\n\n<p>Agradecemos aos irm\u00e3os que, ao longo dos anos, tem nos apoiados, sustentando a miss\u00e3o APEC-DF e a fam\u00edlia mission\u00e1ria de Edson e Viviane Alencar com suas ora\u00e7\u00f5es e ofertas.<br><\/p>\n","protected":false},"excerpt":{"rendered":"","protected":false},"author":1,"featured_media":0,"comment_status":"open","ping_status":"open","sticky":false,"template":"","format":"standard","meta":{"footnotes":""},"categories":[4,1],"tags":[],"class_list":["post-1283","post","type-post","status-publish","format-standard","hentry","category-evangelismo","category-missao"],"aioseo_notices":[],"_links":{"self":[{"href":"https:\/\/apecbrasilia.com.br\/index.php\/wp-json\/wp\/v2\/posts\/1283","targetHints":{"allow":["GET"]}}],"collection":[{"href":"https:\/\/apecbrasilia.com.br\/index.php\/wp-json\/wp\/v2\/posts"}],"about":[{"href":"https:\/\/apecbrasilia.com.br\/index.php\/wp-json\/wp\/v2\/types\/post"}],"author":[{"embeddable":true,"href":"https:\/\/apecbrasilia.com.br\/index.php\/wp-json\/wp\/v2\/users\/1"}],"replies":[{"embeddable":true,"href":"https:\/\/apecbrasilia.com.br\/index.php\/wp-json\/wp\/v2\/comments?post=1283"}],"version-history":[{"count":10,"href":"https:\/\/apecbrasilia.com.br\/index.php\/wp-json\/wp\/v2\/posts\/1283\/revisions"}],"predecessor-version":[{"id":1847,"href":"https:\/\/apecbrasilia.com.br\/index.php\/wp-json\/wp\/v2\/posts\/1283\/revisions\/1847"}],"wp:attachment":[{"href":"https:\/\/apecbrasilia.com.br\/index.php\/wp-json\/wp\/v2\/media?parent=1283"}],"wp:term":[{"taxonomy":"category","embeddable":true,"href":"https:\/\/apecbrasilia.com.br\/index.php\/wp-json\/wp\/v2\/categories?post=1283"},{"taxonomy":"post_tag","embeddable":true,"href":"https:\/\/apecbrasilia.com.br\/index.php\/wp-json\/wp\/v2\/tags?post=1283"}],"curies":[{"name":"wp","href":"https:\/\/api.w.org\/{rel}","templated":true}]}}